{
    "id": 5321,
    "date": "2023-07-04T22:18:12",
    "date_gmt": "2023-07-04T22:18:12",
    "guid": {
        "rendered": "https:\/\/artome.fi\/?p=5321"
    },
    "modified": "2023-07-24T10:37:59",
    "modified_gmt": "2023-07-24T10:37:59",
    "slug": "nimitysuutinen-toimitusjohtaja",
    "status": "publish",
    "type": "post",
    "link": "https:\/\/artome.fi\/fi\/2023\/07\/nimitysuutinen-toimitusjohtaja\/",
    "title": {
        "rendered": "Nimitysuutinen: Mika Salomaa Artomen uusi toimitusjohtaja"
    },
    "content": {
        "rendered": "<div data-elementor-type=\"wp-post\" data-elementor-id=\"5321\" class=\"elementor elementor-5321\" data-elementor-post-type=\"post\">\n\t\t\t\t\t\t<section class=\"elementor-section elementor-top-section elementor-element elementor-element-2f1b8f16 elementor-section-boxed elementor-section-height-default elementor-section-height-default\" data-id=\"2f1b8f16\" data-element_type=\"section\">\n\t\t\t\t\t\t<div class=\"elementor-container elementor-column-gap-default\">\n\t\t\t\t\t<div class=\"elementor-column elementor-col-100 elementor-top-column elementor-element elementor-element-5a2a0c31\" data-id=\"5a2a0c31\" data-element_type=\"column\">\n\t\t\t<div class=\"elementor-widget-wrap elementor-element-populated\">\n\t\t\t\t\t\t<div class=\"elementor-element elementor-element-443759e7 elementor-widget elementor-widget-text-editor\" data-id=\"443759e7\" data-element_type=\"widget\" data-widget_type=\"text-editor.default\">\n\t\t\t\t<div class=\"elementor-widget-container\">\n\t\t\t\t\t\t\t\t\t<p><span class=\"ui-provider bvg bvh c d e f g h i j k l m n o p q r s t bvi bvj w x y z ab ac ae af ag ah ai aj ak\" dir=\"ltr\">Mika Salomaa on nimitetty Artome Oy:n toimitusjohtajaksi ja hallituksen j\u00e4seneksi 1.7.2023 alkaen entisen toimitusjohtaja Riku Marttisen j\u00e4tt\u00e4ytyess\u00e4 taustatueksi. Artome haluaa kiitt\u00e4\u00e4 Marttista omistautuneesta ja pitk\u00e4j\u00e4nteisest\u00e4 ty\u00f6st\u00e4 yhti\u00f6n hyv\u00e4ksi.<br \/><br \/>Mika Salomaalla on takanaan pitk\u00e4 kansainv\u00e4linen ura elektroniikka-alalla erilaisissa johtoteht\u00e4viss\u00e4, mm. Nokia, Microsoft, Philips ja Foxconn. Ennen Artomelle siirtymist\u00e4\u00e4n h\u00e4n on ty\u00f6skennellyt Fazerin Vice President of Operations positiossa.<\/span><\/p>\t\t\t\t\t\t\t\t<\/div>\n\t\t\t\t<\/div>\n\t\t\t\t<div class=\"elementor-element elementor-element-1c101f3 elementor-widget elementor-widget-image\" data-id=\"1c101f3\" data-element_type=\"widget\" data-widget_type=\"image.default\">\n\t\t\t\t<div class=\"elementor-widget-container\">\n\t\t\t\t\t\t\t\t\t\t\t\t\t\t\t<img fetchpriority=\"high\" decoding=\"async\" width=\"416\" height=\"416\" src=\"https:\/\/artome.fi\/wp-content\/uploads\/2023\/07\/MicrosoftTeams-image-25.jpg\" class=\"attachment-large size-large wp-image-5324\" alt=\"\" srcset=\"https:\/\/artome.fi\/wp-content\/uploads\/2023\/07\/MicrosoftTeams-image-25.jpg 416w, https:\/\/artome.fi\/wp-content\/uploads\/2023\/07\/MicrosoftTeams-image-25-300x300.jpg 300w, https:\/\/artome.fi\/wp-content\/uploads\/2023\/07\/MicrosoftTeams-image-25-150x150.jpg 150w, https:\/\/artome.fi\/wp-content\/uploads\/2023\/07\/MicrosoftTeams-image-25-12x12.jpg 12w\" sizes=\"(max-width: 416px) 100vw, 416px\" \/>\t\t\t\t\t\t\t\t\t\t\t\t\t\t\t<\/div>\n\t\t\t\t<\/div>\n\t\t\t\t<div class=\"elementor-element elementor-element-71b2d124 elementor-widget elementor-widget-text-editor\" data-id=\"71b2d124\" data-element_type=\"widget\" data-widget_type=\"text-editor.default\">\n\t\t\t\t<div class=\"elementor-widget-container\">\n\t\t\t\t\t\t\t\t\t<p>Mahdolliset tiedustelut asiasta pyyd\u00e4mme osoittamaan:<br \/>Mika Salomaa\u00a0<br \/>toimitusjohtaja<br \/>tel.\u00a0<span dir=\"ltr\">+358407598795<\/span><br \/>mika.salomaa@artome.fi<br \/><a href=\"https:\/\/www.linkedin.com\/in\/mika-salomaa-1379ba4\/\">LinkedIn<\/a><\/p><p>Toni Parikka<br \/>Perustaja, CVO<br \/>tel,\u00a0<span dir=\"ltr\">+358405291821\u00a0<\/span><br \/>toni.parikka@artome.fi<\/p>\t\t\t\t\t\t\t\t<\/div>\n\t\t\t\t<\/div>\n\t\t\t\t\t<\/div>\n\t\t<\/div>\n\t\t\t\t\t<\/div>\n\t\t<\/section>\n\t\t\t\t<\/div>",
        "protected": false
    },
    "excerpt": {
        "rendered": "<p>Mika Salomaa on nimitetty Artome Oy:n toimitusjohtajaksi ja hallituksen j\u00e4seneksi 1.7.2023 alkaen entisen toimitusjohtaja Riku Marttisen j\u00e4tt\u00e4ytyess\u00e4 taustatueksi. Artome haluaa kiitt\u00e4\u00e4 Marttista omistautuneesta ja pitk\u00e4j\u00e4nteisest\u00e4 ty\u00f6st\u00e4 yhti\u00f6n hyv\u00e4ksi. Mika Salomaalla on takanaan pitk\u00e4 kansainv\u00e4linen ura elektroniikka-alalla erilaisissa johtoteht\u00e4viss\u00e4, mm. Nokia, Microsoft, Philips ja Foxconn. Ennen Artomelle siirtymist\u00e4\u00e4n h\u00e4n on ty\u00f6skennellyt Fazerin Vice President of Operations [&hellip;]<\/p>",
        "protected": false
    },
    "author": 1,
    "featured_media": 4931,
    "comment_status": "open",
    "ping_status": "open",
    "sticky": false,
    "template": "elementor_theme",
    "format": "standard",
    "meta": {
        "om_disable_all_campaigns": false,
        "_monsterinsights_skip_tracking": false,
        "_monsterinsights_sitenote_active": false,
        "_monsterinsights_sitenote_note": "",
        "_monsterinsights_sitenote_category": 0,
        "_uf_show_specific_survey": 0,
        "_uf_disable_surveys": false,
        "footnotes": ""
    },
    "categories": [
        8
    ],
    "tags": [],
    "class_list": [
        "post-5321",
        "post",
        "type-post",
        "status-publish",
        "format-standard",
        "has-post-thumbnail",
        "hentry",
        "category-news"
    ],
    "blocksy_meta": {
        "styles_descriptor": {
            "styles": {
                "desktop": "",
                "tablet": "",
                "mobile": ""
            },
            "google_fonts": [],
            "version": 6
        }
    },
    "aioseo_notices": [],
    "yoast_head": "<!-- This site is optimized with the Yoast SEO Premium plugin v23.2 (Yoast SEO v26.3) - https:\/\/yoast.com\/wordpress\/plugins\/seo\/ -->\n<title>Artome | Uutiset | Mika Salomaa Artomen uusi toimitusjohtaja<\/title>\n<meta name=\"description\" content=\"Mika Salomaa on nimitetty Artome Oy:n uudeksi toimitusjohtajaksi ja hallituksen j\u00e4seneksi 1.7.2023 alkaen.\" \/>\n<meta name=\"robots\" content=\"index, follow, max-snippet:-1, max-image-preview:large, max-video-preview:-1\" \/>\n<link rel=\"canonical\" href=\"https:\/\/artome.fi\/fi\/2023\/07\/nimitysuutinen-toimitusjohtaja\/\" \/>\n<meta property=\"og:locale\" content=\"fi_FI\" \/>\n<meta property=\"og:type\" content=\"article\" \/>\n<meta property=\"og:title\" content=\"Nimitysuutinen: Mika Salomaa Artomen uusi toimitusjohtaja\" \/>\n<meta property=\"og:description\" content=\"Mika Salomaa on nimitetty Artome Oy:n uudeksi toimitusjohtajaksi ja hallituksen j\u00e4seneksi 1.7.2023 alkaen.\" \/>\n<meta property=\"og:url\" content=\"https:\/\/artome.fi\/fi\/2023\/07\/nimitysuutinen-toimitusjohtaja\/\" \/>\n<meta property=\"og:site_name\" content=\"Artome\" \/>\n<meta property=\"article:published_time\" content=\"2023-07-04T22:18:12+00:00\" \/>\n<meta property=\"article:modified_time\" content=\"2023-07-24T10:37:59+00:00\" \/>\n<meta property=\"og:image\" content=\"https:\/\/artome.fi\/wp-content\/uploads\/2023\/04\/Artome_favicon-ecaa.jpg\" \/>\n\t<meta property=\"og:image:width\" content=\"500\" \/>\n\t<meta property=\"og:image:height\" content=\"500\" \/>\n\t<meta property=\"og:image:type\" content=\"image\/jpeg\" \/>\n<meta name=\"author\" content=\"Admin\" \/>\n<meta name=\"twitter:card\" content=\"summary_large_image\" \/>\n<meta name=\"twitter:label1\" content=\"Kirjoittanut\" \/>\n\t<meta name=\"twitter:data1\" content=\"Admin\" \/>\n\t<meta name=\"twitter:label2\" content=\"Arvioitu lukuaika\" \/>\n\t<meta name=\"twitter:data2\" content=\"1 minuutti\" \/>\n<script type=\"application\/ld+json\" class=\"yoast-schema-graph\">{\"@context\":\"https:\/\/schema.org\",\"@graph\":[{\"@type\":\"Article\",\"@id\":\"https:\/\/artome.fi\/fi\/2023\/07\/nimitysuutinen-toimitusjohtaja\/#article\",\"isPartOf\":{\"@id\":\"https:\/\/artome.fi\/fi\/2023\/07\/nimitysuutinen-toimitusjohtaja\/\"},\"author\":{\"name\":\"Admin\",\"@id\":\"https:\/\/artome.fi\/en\/#\/schema\/person\/5355ec87ebc902dbdea10361a25b56c9\"},\"headline\":\"Nimitysuutinen: Mika Salomaa Artomen uusi toimitusjohtaja\",\"datePublished\":\"2023-07-04T22:18:12+00:00\",\"dateModified\":\"2023-07-24T10:37:59+00:00\",\"mainEntityOfPage\":{\"@id\":\"https:\/\/artome.fi\/fi\/2023\/07\/nimitysuutinen-toimitusjohtaja\/\"},\"wordCount\":103,\"commentCount\":0,\"publisher\":{\"@id\":\"https:\/\/artome.fi\/en\/#organization\"},\"image\":{\"@id\":\"https:\/\/artome.fi\/fi\/2023\/07\/nimitysuutinen-toimitusjohtaja\/#primaryimage\"},\"thumbnailUrl\":\"https:\/\/artome.fi\/wp-content\/uploads\/2023\/04\/Artome_favicon-ecaa.jpg\",\"articleSection\":[\"News\"],\"inLanguage\":\"fi\",\"potentialAction\":[{\"@type\":\"CommentAction\",\"name\":\"Comment\",\"target\":[\"https:\/\/artome.fi\/fi\/2023\/07\/nimitysuutinen-toimitusjohtaja\/#respond\"]}]},{\"@type\":\"WebPage\",\"@id\":\"https:\/\/artome.fi\/fi\/2023\/07\/nimitysuutinen-toimitusjohtaja\/\",\"url\":\"https:\/\/artome.fi\/fi\/2023\/07\/nimitysuutinen-toimitusjohtaja\/\",\"name\":\"Artome | Uutiset | Mika Salomaa Artomen uusi toimitusjohtaja\",\"isPartOf\":{\"@id\":\"https:\/\/artome.fi\/en\/#website\"},\"primaryImageOfPage\":{\"@id\":\"https:\/\/artome.fi\/fi\/2023\/07\/nimitysuutinen-toimitusjohtaja\/#primaryimage\"},\"image\":{\"@id\":\"https:\/\/artome.fi\/fi\/2023\/07\/nimitysuutinen-toimitusjohtaja\/#primaryimage\"},\"thumbnailUrl\":\"https:\/\/artome.fi\/wp-content\/uploads\/2023\/04\/Artome_favicon-ecaa.jpg\",\"datePublished\":\"2023-07-04T22:18:12+00:00\",\"dateModified\":\"2023-07-24T10:37:59+00:00\",\"description\":\"Mika Salomaa on nimitetty Artome Oy:n uudeksi toimitusjohtajaksi ja hallituksen j\u00e4seneksi 1.7.2023 alkaen.\",\"breadcrumb\":{\"@id\":\"https:\/\/artome.fi\/fi\/2023\/07\/nimitysuutinen-toimitusjohtaja\/#breadcrumb\"},\"inLanguage\":\"fi\",\"potentialAction\":[{\"@type\":\"ReadAction\",\"target\":[\"https:\/\/artome.fi\/fi\/2023\/07\/nimitysuutinen-toimitusjohtaja\/\"]}]},{\"@type\":\"ImageObject\",\"inLanguage\":\"fi\",\"@id\":\"https:\/\/artome.fi\/fi\/2023\/07\/nimitysuutinen-toimitusjohtaja\/#primaryimage\",\"url\":\"https:\/\/artome.fi\/wp-content\/uploads\/2023\/04\/Artome_favicon-ecaa.jpg\",\"contentUrl\":\"https:\/\/artome.fi\/wp-content\/uploads\/2023\/04\/Artome_favicon-ecaa.jpg\",\"width\":500,\"height\":500},{\"@type\":\"BreadcrumbList\",\"@id\":\"https:\/\/artome.fi\/fi\/2023\/07\/nimitysuutinen-toimitusjohtaja\/#breadcrumb\",\"itemListElement\":[{\"@type\":\"ListItem\",\"position\":1,\"name\":\"Etusivu\",\"item\":\"https:\/\/artome.fi\/en\/\"},{\"@type\":\"ListItem\",\"position\":2,\"name\":\"Nimitysuutinen: Mika Salomaa Artomen uusi toimitusjohtaja\"}]},{\"@type\":\"WebSite\",\"@id\":\"https:\/\/artome.fi\/en\/#website\",\"url\":\"https:\/\/artome.fi\/en\/\",\"name\":\"Artome\",\"description\":\"Redesigning audiovisual with smart furniture\",\"publisher\":{\"@id\":\"https:\/\/artome.fi\/en\/#organization\"},\"potentialAction\":[{\"@type\":\"SearchAction\",\"target\":{\"@type\":\"EntryPoint\",\"urlTemplate\":\"https:\/\/artome.fi\/en\/?s={search_term_string}\"},\"query-input\":{\"@type\":\"PropertyValueSpecification\",\"valueRequired\":true,\"valueName\":\"search_term_string\"}}],\"inLanguage\":\"fi\"},{\"@type\":\"Organization\",\"@id\":\"https:\/\/artome.fi\/en\/#organization\",\"name\":\"Artome\",\"url\":\"https:\/\/artome.fi\/en\/\",\"logo\":{\"@type\":\"ImageObject\",\"inLanguage\":\"fi\",\"@id\":\"https:\/\/artome.fi\/en\/#\/schema\/logo\/image\/\",\"url\":\"https:\/\/artome.fi\/wp-content\/uploads\/2022\/02\/artome_logo_black.png\",\"contentUrl\":\"https:\/\/artome.fi\/wp-content\/uploads\/2022\/02\/artome_logo_black.png\",\"width\":1280,\"height\":496,\"caption\":\"Artome\"},\"image\":{\"@id\":\"https:\/\/artome.fi\/en\/#\/schema\/logo\/image\/\"}},{\"@type\":\"Person\",\"@id\":\"https:\/\/artome.fi\/en\/#\/schema\/person\/5355ec87ebc902dbdea10361a25b56c9\",\"name\":\"Admin\",\"image\":{\"@type\":\"ImageObject\",\"inLanguage\":\"fi\",\"@id\":\"https:\/\/artome.fi\/en\/#\/schema\/person\/image\/\",\"url\":\"https:\/\/secure.gravatar.com\/avatar\/4d4d90b1ac74403fd9d1cb01a5480aa74f934c0a3f7b3ab94301d26c61e97744?s=96&d=mm&r=g\",\"contentUrl\":\"https:\/\/secure.gravatar.com\/avatar\/4d4d90b1ac74403fd9d1cb01a5480aa74f934c0a3f7b3ab94301d26c61e97744?s=96&d=mm&r=g\",\"caption\":\"Admin\"},\"sameAs\":[\"https:\/\/artome.fi\"],\"url\":\"https:\/\/artome.fi\/fi\/author\/admin\/\"}]}<\/script>\n<!-- \/ Yoast SEO Premium plugin. -->",
    "yoast_head_json": {
        "title": "Artome | Uutiset | Mika Salomaa Artomen uusi toimitusjohtaja",
        "description": "Mika Salomaa on nimitetty Artome Oy:n uudeksi toimitusjohtajaksi ja hallituksen j\u00e4seneksi 1.7.2023 alkaen.",
        "robots": {
            "index": "index",
            "follow": "follow",
            "max-snippet": "max-snippet:-1",
            "max-image-preview": "max-image-preview:large",
            "max-video-preview": "max-video-preview:-1"
        },
        "canonical": "https:\/\/artome.fi\/fi\/2023\/07\/nimitysuutinen-toimitusjohtaja\/",
        "og_locale": "fi_FI",
        "og_type": "article",
        "og_title": "Nimitysuutinen: Mika Salomaa Artomen uusi toimitusjohtaja",
        "og_description": "Mika Salomaa on nimitetty Artome Oy:n uudeksi toimitusjohtajaksi ja hallituksen j\u00e4seneksi 1.7.2023 alkaen.",
        "og_url": "https:\/\/artome.fi\/fi\/2023\/07\/nimitysuutinen-toimitusjohtaja\/",
        "og_site_name": "Artome",
        "article_published_time": "2023-07-04T22:18:12+00:00",
        "article_modified_time": "2023-07-24T10:37:59+00:00",
        "og_image": [
            {
                "width": 500,
                "height": 500,
                "url": "https:\/\/artome.fi\/wp-content\/uploads\/2023\/04\/Artome_favicon-ecaa.jpg",
                "type": "image\/jpeg"
            }
        ],
        "author": "Admin",
        "twitter_card": "summary_large_image",
        "twitter_misc": {
            "Kirjoittanut": "Admin",
            "Arvioitu lukuaika": "1 minuutti"
        },
        "schema": {
            "@context": "https:\/\/schema.org",
            "@graph": [
                {
                    "@type": "Article",
                    "@id": "https:\/\/artome.fi\/fi\/2023\/07\/nimitysuutinen-toimitusjohtaja\/#article",
                    "isPartOf": {
                        "@id": "https:\/\/artome.fi\/fi\/2023\/07\/nimitysuutinen-toimitusjohtaja\/"
                    },
                    "author": {
                        "name": "Admin",
                        "@id": "https:\/\/artome.fi\/en\/#\/schema\/person\/5355ec87ebc902dbdea10361a25b56c9"
                    },
                    "headline": "Nimitysuutinen: Mika Salomaa Artomen uusi toimitusjohtaja",
                    "datePublished": "2023-07-04T22:18:12+00:00",
                    "dateModified": "2023-07-24T10:37:59+00:00",
                    "mainEntityOfPage": {
                        "@id": "https:\/\/artome.fi\/fi\/2023\/07\/nimitysuutinen-toimitusjohtaja\/"
                    },
                    "wordCount": 103,
                    "commentCount": 0,
                    "publisher": {
                        "@id": "https:\/\/artome.fi\/en\/#organization"
                    },
                    "image": {
                        "@id": "https:\/\/artome.fi\/fi\/2023\/07\/nimitysuutinen-toimitusjohtaja\/#primaryimage"
                    },
                    "thumbnailUrl": "https:\/\/artome.fi\/wp-content\/uploads\/2023\/04\/Artome_favicon-ecaa.jpg",
                    "articleSection": [
                        "News"
                    ],
                    "inLanguage": "fi",
                    "potentialAction": [
                        {
                            "@type": "CommentAction",
                            "name": "Comment",
                            "target": [
                                "https:\/\/artome.fi\/fi\/2023\/07\/nimitysuutinen-toimitusjohtaja\/#respond"
                            ]
                        }
                    ]
                },
                {
                    "@type": "WebPage",
                    "@id": "https:\/\/artome.fi\/fi\/2023\/07\/nimitysuutinen-toimitusjohtaja\/",
                    "url": "https:\/\/artome.fi\/fi\/2023\/07\/nimitysuutinen-toimitusjohtaja\/",
                    "name": "Artome | Uutiset | Mika Salomaa Artomen uusi toimitusjohtaja",
                    "isPartOf": {
                        "@id": "https:\/\/artome.fi\/en\/#website"
                    },
                    "primaryImageOfPage": {
                        "@id": "https:\/\/artome.fi\/fi\/2023\/07\/nimitysuutinen-toimitusjohtaja\/#primaryimage"
                    },
                    "image": {
                        "@id": "https:\/\/artome.fi\/fi\/2023\/07\/nimitysuutinen-toimitusjohtaja\/#primaryimage"
                    },
                    "thumbnailUrl": "https:\/\/artome.fi\/wp-content\/uploads\/2023\/04\/Artome_favicon-ecaa.jpg",
                    "datePublished": "2023-07-04T22:18:12+00:00",
                    "dateModified": "2023-07-24T10:37:59+00:00",
                    "description": "Mika Salomaa on nimitetty Artome Oy:n uudeksi toimitusjohtajaksi ja hallituksen j\u00e4seneksi 1.7.2023 alkaen.",
                    "breadcrumb": {
                        "@id": "https:\/\/artome.fi\/fi\/2023\/07\/nimitysuutinen-toimitusjohtaja\/#breadcrumb"
                    },
                    "inLanguage": "fi",
                    "potentialAction": [
                        {
                            "@type": "ReadAction",
                            "target": [
                                "https:\/\/artome.fi\/fi\/2023\/07\/nimitysuutinen-toimitusjohtaja\/"
                            ]
                        }
                    ]
                },
                {
                    "@type": "ImageObject",
                    "inLanguage": "fi",
                    "@id": "https:\/\/artome.fi\/fi\/2023\/07\/nimitysuutinen-toimitusjohtaja\/#primaryimage",
                    "url": "https:\/\/artome.fi\/wp-content\/uploads\/2023\/04\/Artome_favicon-ecaa.jpg",
                    "contentUrl": "https:\/\/artome.fi\/wp-content\/uploads\/2023\/04\/Artome_favicon-ecaa.jpg",
                    "width": 500,
                    "height": 500
                },
                {
                    "@type": "BreadcrumbList",
                    "@id": "https:\/\/artome.fi\/fi\/2023\/07\/nimitysuutinen-toimitusjohtaja\/#breadcrumb",
                    "itemListElement": [
                        {
                            "@type": "ListItem",
                            "position": 1,
                            "name": "Etusivu",
                            "item": "https:\/\/artome.fi\/en\/"
                        },
                        {
                            "@type": "ListItem",
                            "position": 2,
                            "name": "Nimitysuutinen: Mika Salomaa Artomen uusi toimitusjohtaja"
                        }
                    ]
                },
                {
                    "@type": "WebSite",
                    "@id": "https:\/\/artome.fi\/en\/#website",
                    "url": "https:\/\/artome.fi\/en\/",
                    "name": "Artome",
                    "description": "Redesigning audiovisual with smart furniture",
                    "publisher": {
                        "@id": "https:\/\/artome.fi\/en\/#organization"
                    },
                    "potentialAction": [
                        {
                            "@type": "SearchAction",
                            "target": {
                                "@type": "EntryPoint",
                                "urlTemplate": "https:\/\/artome.fi\/en\/?s={search_term_string}"
                            },
                            "query-input": {
                                "@type": "PropertyValueSpecification",
                                "valueRequired": true,
                                "valueName": "search_term_string"
                            }
                        }
                    ],
                    "inLanguage": "fi"
                },
                {
                    "@type": "Organization",
                    "@id": "https:\/\/artome.fi\/en\/#organization",
                    "name": "Artome",
                    "url": "https:\/\/artome.fi\/en\/",
                    "logo": {
                        "@type": "ImageObject",
                        "inLanguage": "fi",
                        "@id": "https:\/\/artome.fi\/en\/#\/schema\/logo\/image\/",
                        "url": "https:\/\/artome.fi\/wp-content\/uploads\/2022\/02\/artome_logo_black.png",
                        "contentUrl": "https:\/\/artome.fi\/wp-content\/uploads\/2022\/02\/artome_logo_black.png",
                        "width": 1280,
                        "height": 496,
                        "caption": "Artome"
                    },
                    "image": {
                        "@id": "https:\/\/artome.fi\/en\/#\/schema\/logo\/image\/"
                    }
                },
                {
                    "@type": "Person",
                    "@id": "https:\/\/artome.fi\/en\/#\/schema\/person\/5355ec87ebc902dbdea10361a25b56c9",
                    "name": "Admin",
                    "image": {
                        "@type": "ImageObject",
                        "inLanguage": "fi",
                        "@id": "https:\/\/artome.fi\/en\/#\/schema\/person\/image\/",
                        "url": "https:\/\/secure.gravatar.com\/avatar\/4d4d90b1ac74403fd9d1cb01a5480aa74f934c0a3f7b3ab94301d26c61e97744?s=96&d=mm&r=g",
                        "contentUrl": "https:\/\/secure.gravatar.com\/avatar\/4d4d90b1ac74403fd9d1cb01a5480aa74f934c0a3f7b3ab94301d26c61e97744?s=96&d=mm&r=g",
                        "caption": "Admin"
                    },
                    "sameAs": [
                        "https:\/\/artome.fi"
                    ],
                    "url": "https:\/\/artome.fi\/fi\/author\/admin\/"
                }
            ]
        }
    },
    "_links": {
        "self": [
            {
                "href": "https:\/\/artome.fi\/fi\/wp-json\/wp\/v2\/posts\/5321",
                "targetHints": {
                    "allow": [
                        "GET"
                    ]
                }
            }
        ],
        "collection": [
            {
                "href": "https:\/\/artome.fi\/fi\/wp-json\/wp\/v2\/posts"
            }
        ],
        "about": [
            {
                "href": "https:\/\/artome.fi\/fi\/wp-json\/wp\/v2\/types\/post"
            }
        ],
        "author": [
            {
                "embeddable": true,
                "href": "https:\/\/artome.fi\/fi\/wp-json\/wp\/v2\/users\/1"
            }
        ],
        "replies": [
            {
                "embeddable": true,
                "href": "https:\/\/artome.fi\/fi\/wp-json\/wp\/v2\/comments?post=5321"
            }
        ],
        "version-history": [
            {
                "count": 14,
                "href": "https:\/\/artome.fi\/fi\/wp-json\/wp\/v2\/posts\/5321\/revisions"
            }
        ],
        "predecessor-version": [
            {
                "id": 5336,
                "href": "https:\/\/artome.fi\/fi\/wp-json\/wp\/v2\/posts\/5321\/revisions\/5336"
            }
        ],
        "wp:featuredmedia": [
            {
                "embeddable": true,
                "href": "https:\/\/artome.fi\/fi\/wp-json\/wp\/v2\/media\/4931"
            }
        ],
        "wp:attachment": [
            {
                "href": "https:\/\/artome.fi\/fi\/wp-json\/wp\/v2\/media?parent=5321"
            }
        ],
        "wp:term": [
            {
                "taxonomy": "category",
                "embeddable": true,
                "href": "https:\/\/artome.fi\/fi\/wp-json\/wp\/v2\/categories?post=5321"
            },
            {
                "taxonomy": "post_tag",
                "embeddable": true,
                "href": "https:\/\/artome.fi\/fi\/wp-json\/wp\/v2\/tags?post=5321"
            }
        ],
        "curies": [
            {
                "name": "wp",
                "href": "https:\/\/api.w.org\/{rel}",
                "templated": true
            }
        ]
    }
}